{"id":5958,"date":"2017-05-10T21:50:11","date_gmt":"2017-05-10T20:50:11","guid":{"rendered":"http:\/\/lesmarret.marret.co\/?p=5958"},"modified":"2021-01-17T17:21:46","modified_gmt":"2021-01-17T16:21:46","slug":"un-ancetre-marret-au-mariage-de-louis-xiv","status":"publish","type":"post","link":"https:\/\/lesmarret.marret.co\/index.php\/2017\/05\/10\/un-ancetre-marret-au-mariage-de-louis-xiv\/","title":{"rendered":"Un anc\u00eatre Marret au mariage de Louis XIV"},"content":{"rendered":"<p><span style=\"margin: 0px; font-family: 'Georgia','serif'; font-size: 12pt;\"><span style=\"color: #000000;\">Un anc\u00eatre enfant de ch\u0153ur au mariage de Louis XIV? C\u2019est du moins ce que l\u2019on racontait dans la famille, ajoutant que celui-ci \u00e9tait appel\u00e9 le petit Tarb\u00e9\u2026 Mais qu\u2019en est-il vraiment?<\/span><\/span><\/p>\n<div id=\"attachment_5960\" style=\"width: 896px\" class=\"wp-caption alignnone\"><a href=\"https:\/\/lesmarret.marret.co\/wp-content\/uploads\/2017\/05\/1660-06-09-Mariage-de-Louis-XIV-02_wp.jpg\"><img loading=\"lazy\" decoding=\"async\" aria-describedby=\"caption-attachment-5960\" class=\"size-full wp-image-5960\" src=\"https:\/\/lesmarret.marret.co\/wp-content\/uploads\/2017\/05\/1660-06-09-Mariage-de-Louis-XIV-02_wp.jpg\" alt=\"\" width=\"886\" height=\"544\" data-wp-pid=\"5960\" srcset=\"https:\/\/lesmarret.marret.co\/wp-content\/uploads\/2017\/05\/1660-06-09-Mariage-de-Louis-XIV-02_wp.jpg 886w, https:\/\/lesmarret.marret.co\/wp-content\/uploads\/2017\/05\/1660-06-09-Mariage-de-Louis-XIV-02_wp-300x184.jpg 300w, https:\/\/lesmarret.marret.co\/wp-content\/uploads\/2017\/05\/1660-06-09-Mariage-de-Louis-XIV-02_wp-768x472.jpg 768w, https:\/\/lesmarret.marret.co\/wp-content\/uploads\/2017\/05\/1660-06-09-Mariage-de-Louis-XIV-02_wp-800x491.jpg 800w, https:\/\/lesmarret.marret.co\/wp-content\/uploads\/2017\/05\/1660-06-09-Mariage-de-Louis-XIV-02_wp-600x368.jpg 600w\" sizes=\"auto, (max-width: 886px) 100vw, 886px\" \/><\/a><p id=\"caption-attachment-5960\" class=\"wp-caption-text\"><em>Mariage de Louis XIV, roi de France, avec Marie-Th\u00e9r\u00e8se d&rsquo;Autriche, infante d&rsquo;Espagne, le 9 juin 1660, \u00e0 Saint-Jean-de-Luz, tableau de Laumosnier, \u00e0 partir d\u2019un dessin de Charles Le Brun<\/em>.<\/p><\/div>\n<p><span style=\"margin: 0px; font-family: 'Georgia','serif'; font-size: 12pt;\"><span style=\"color: #000000;\">Bernard de Tarbe, celui dont il s\u2019agit, assista bien au mariage de Louis XIV; mais il ne faisait qu\u2019accompagner le confesseur de Louis XIV, comme le rapporte Ernest Landry dans son livre,&nbsp;<\/span><\/span><i><span lang=\"FR\" style=\"margin: 0px; font-family: 'Georgia','serif'; font-size: 12pt;\"><span style=\"color: #000000;\">Les Tarb\u00e9, G\u00e9n\u00e9alogie \u2013 Biographie<\/span><\/span><\/i><span lang=\"FR\" style=\"margin: 0px; font-family: 'Georgia','serif'; font-size: 12pt;\"><span style=\"color: #000000;\">.<\/span><\/span><\/p>\n<p><span style=\"margin: 0px; font-family: 'Georgia','serif'; font-size: 12pt;\"><span style=\"color: #000000;\">Quant \u00e0 la relation avec la famille Marret, elle est pour le moins t\u00e9nue&nbsp;: l&rsquo;arri\u00e8re-arri\u00e8re-petite-fill<\/span><\/span><span lang=\"FR\" style=\"margin: 0px; font-family: 'Georgia','serif'; font-size: 12pt;\"><span style=\"color: #000000;\">e de Bernard de Tarb\u00e9 (1641-1720), Victoire H\u00e9l\u00e8ne Tarb\u00e9 (1798-1858) a \u00e9pous\u00e9 Jean Fran\u00e7ois Landry (1788-1865). Petite ni\u00e8ce de ce dernier, Berthe Landry s\u2019est mari\u00e9e avec Maurice Marret\u2026 Lointain cousinage, mais lorsqu\u2019il s\u2019agit de se trouver un lien avec Louis&nbsp;XIV, on devient moins exigeant&nbsp;!<\/span><\/span><span style=\"margin: 0px; font-family: 'Georgia','serif'; font-size: 12pt;\"><span style=\"color: #000000;\">&nbsp;<\/span><\/span><\/p>\n<div align=\"center\">\n<hr align=\"center\" size=\"3\" width=\"100%\">\n<\/div>\n<p align=\"center\"><span lang=\"FR\" style=\"margin: 0px; color: #4f6228; font-family: 'Georgia','serif'; font-size: 12pt;\">&nbsp;<\/span><span lang=\"FR\" style=\"margin: 0px; color: #4f6228; font-family: 'Georgia','serif'; font-size: 12pt;\">Extrait de&nbsp;<i><span style=\"color: #4f6228;\">Les Tarb\u00e9, G\u00e9n\u00e9alogie \u2013 Biographie<\/span><\/i>, par Ernest Landry. Sens, 1902.<\/span><\/p>\n<p style=\"padding-left: 30px;\"><span style=\"margin: 0px; color: #4f6228; font-family: 'Georgia','serif'; font-size: 12pt;\"><span style=\"color: #4f6228;\">&nbsp;<\/span><span lang=\"FR\"><span style=\"color: #4f6228;\">\u00ab&nbsp;Hardouin de Beaumont de P\u00e9r\u00e9fixe, pr\u00e9cepteur, puis confesseur de Louis XIV, \u00e9v\u00eaque de Rodez et plus tard archev\u00eaque de Paris, accompagna le roi en 1660 \u00e0 Saint-Jean de Luz, o\u00f9 se c\u00e9l\u00e9bra, le 9 juin, son mariage avec l&rsquo;infante Marie-Th\u00e9r\u00e8se d&rsquo;Autriche. Il prit \u00e0 cette occasion avec lui &#8211; vraisemblablement parce qu&rsquo;il connaissait et parlait la langue du Pays Basque, dont Saint-Jean de Luz \u00e9tait la capitale, &#8211; un jeune \u00e9l\u00e8ve du S\u00e9minaire de Bayonne n\u00e9 dans la contr\u00e9e, se l&rsquo;attacha ensuite comme secr\u00e9taire et, quelque temps apr\u00e8s, le pla\u00e7a aupr\u00e8s de Monseigneur Hardouin Fortin de la Hoguette, son neveu, qui en fit l&rsquo;administrateur et l&rsquo;intendant de ses domaines.<\/span><\/span><\/span><\/p>\n<p style=\"padding-left: 30px;\"><span lang=\"FR\" style=\"margin: 0px; color: #4f6228; font-family: 'Georgia','serif'; font-size: 12pt;\">\u00ab&nbsp;Ce jeune homme, en 1660, avait dix-neuf ans. Il \u00e9tait n\u00e9 \u00e0 Oss\u00e8s, en plein Pays Basque, dans la Basse-Navarre, g\u00e9n\u00e9ralit\u00e9 d&rsquo;Auch, en 1641, de Gracian de Tarbe &#8211; qui lui-m\u00eame avait eu pour p\u00e8re Martin de Tarbe, d\u00e9c\u00e9d\u00e9 \u00e0 Oss\u00e8s. Il s&rsquo;appelait donc Bernard de Tarbe, mais en langue basque, l&rsquo;e muet, \u00e0 la fin d&rsquo;un nom, se prononce comme ferm\u00e9 ou s&rsquo;il avait un accent et c&rsquo;est conform\u00e9ment \u00e0 cet usage que, sans aucun doute, Tarbe s&rsquo;est transform\u00e9 en Tarb\u00e9 dans les actes de l&rsquo;\u00e9tat-civil o\u00f9 comparut Bernard de Tarbe et, que le nom patronymique de la famille est devenu \u00e0 partir de ce moment Tarb\u00e9.<\/span><\/p>\n<p style=\"padding-left: 30px;\"><span lang=\"FR\" style=\"margin: 0px; color: #4f6228; font-family: 'Georgia','serif'; font-size: 12pt;\">\u00ab&nbsp;Lorsque Mgr de la Hoguette qui \u00e9tait alors \u00e9v\u00eaque de Poitiers, fut en 1685, nomm\u00e9 archev\u00eaque de Sens o\u00f9 il succ\u00e9da \u00e0 M. de Montpezat, Bernard de Tarbe le suivit dans cette ville.&nbsp;\u00bb<\/span><\/p>\n","protected":false},"excerpt":{"rendered":"<p>Un anc\u00eatre enfant de ch\u0153ur au mariage de Louis XIV? C\u2019est du moins ce que l\u2019on racontait dans la famille, ajoutant que celui-ci \u00e9tait appel\u00e9 le petit Tarb\u00e9\u2026 Mais qu\u2019en est-il vraiment? Bernard de Tarbe, celui dont il s\u2019agit, assista &hellip; <a href=\"https:\/\/lesmarret.marret.co\/index.php\/2017\/05\/10\/un-ancetre-marret-au-mariage-de-louis-xiv\/\">Continuer la lecture <span class=\"meta-nav\">&rarr;<\/span><\/a><\/p>\n","protected":false},"author":1,"featured_media":0,"comment_status":"open","ping_status":"open","sticky":false,"template":"","format":"standard","meta":{"_monsterinsights_skip_tracking":false,"_monsterinsights_sitenote_active":false,"_monsterinsights_sitenote_note":"","_monsterinsights_sitenote_category":0,"ngg_post_thumbnail":0,"footnotes":""},"categories":[372],"tags":[],"class_list":["post-5958","post","type-post","status-publish","format-standard","hentry","category-les-landry"],"aioseo_notices":[],"_links":{"self":[{"href":"https:\/\/lesmarret.marret.co\/index.php\/wp-json\/wp\/v2\/posts\/5958","targetHints":{"allow":["GET"]}}],"collection":[{"href":"https:\/\/lesmarret.marret.co\/index.php\/wp-json\/wp\/v2\/posts"}],"about":[{"href":"https:\/\/lesmarret.marret.co\/index.php\/wp-json\/wp\/v2\/types\/post"}],"author":[{"embeddable":true,"href":"https:\/\/lesmarret.marret.co\/index.php\/wp-json\/wp\/v2\/users\/1"}],"replies":[{"embeddable":true,"href":"https:\/\/lesmarret.marret.co\/index.php\/wp-json\/wp\/v2\/comments?post=5958"}],"version-history":[{"count":1,"href":"https:\/\/lesmarret.marret.co\/index.php\/wp-json\/wp\/v2\/posts\/5958\/revisions"}],"predecessor-version":[{"id":7879,"href":"https:\/\/lesmarret.marret.co\/index.php\/wp-json\/wp\/v2\/posts\/5958\/revisions\/7879"}],"wp:attachment":[{"href":"https:\/\/lesmarret.marret.co\/index.php\/wp-json\/wp\/v2\/media?parent=5958"}],"wp:term":[{"taxonomy":"category","embeddable":true,"href":"https:\/\/lesmarret.marret.co\/index.php\/wp-json\/wp\/v2\/categories?post=5958"},{"taxonomy":"post_tag","embeddable":true,"href":"https:\/\/lesmarret.marret.co\/index.php\/wp-json\/wp\/v2\/tags?post=5958"}],"curies":[{"name":"wp","href":"https:\/\/api.w.org\/{rel}","templated":true}]}}