{"id":6651,"date":"2017-06-01T00:09:33","date_gmt":"2017-05-31T23:09:33","guid":{"rendered":"http:\/\/lesmarret.marret.co\/?p=6651"},"modified":"2021-01-17T17:20:52","modified_gmt":"2021-01-17T16:20:52","slug":"1914-deux-freres-marret-dans-la-meme-bataille","status":"publish","type":"post","link":"https:\/\/lesmarret.marret.co\/index.php\/2017\/06\/01\/1914-deux-freres-marret-dans-la-meme-bataille\/","title":{"rendered":"1914 &#8211; Deux fr\u00e8res Marret dans la m\u00eame bataille\u2026"},"content":{"rendered":"<p>En 1890, Paul Marret (1863-1935) \u00e9pouse Marie Aubinet (1869-1937). Dans les ann\u00e9es qui suivent, ils ont deux enfants, Andr\u00e9 et Pierre, dont le destin se croise\u2026<\/p>\n<p>Les registres matricules racontent\u2026<\/p>\n<p>Ils sont tous deux n\u00e9s \u00e0 Paris&nbsp;:<strong> Andr\u00e9<\/strong>, Pierre Marret le 9&nbsp;septembre 1891 et <strong>Pierre<\/strong>, Charles, Ernest, le 12&nbsp;mai 1894. Dans les ann\u00e9es 1910, ils habitent Toussaint, dans le d\u00e9partement de la Seine-Inf\u00e9rieure, l\u00e0 o\u00f9 leurs parents ont d\u00e9m\u00e9nag\u00e9 apr\u00e8s la vente de la maison de bijouterie-orf\u00e8vrerie-joaillerie <em>Marret et Fr\u00e8res<\/em>.<\/p>\n<p>\u00c9tudiant en agriculture, <strong>Andr\u00e9<\/strong> est de la \u00ab&nbsp;classe 1911&nbsp;\u00bb; quand il se pr\u00e9sente au Conseil de r\u00e9vision, au Havre, il est d\u00e9clar\u00e9 <em>Bon pour le service<\/em> et inscrit sur la 1<sup>re<\/sup> partie de la liste en 1912. Andr\u00e9 est incorpor\u00e9 au 39e R\u00e9giment d\u2019Infanterie le 9 octobre 1912 et y arrive le m\u00eame jour comme soldat de 2<sup>e<\/sup> classe dans la 9<sup>e<\/sup> compagnie. Pass\u00e9 \u00e0 la 2<sup>e<\/sup> compagnie le 10 novembre, il devient caporal le 12&nbsp;f\u00e9vrier 1913, puis sergent le 10&nbsp;octobre de la m\u00eame ann\u00e9e\u2026<\/p>\n<p><strong>Pierre<\/strong> est aussi \u00e9tudiant, mais de la \u00ab&nbsp;classe 1914&nbsp;\u00bb et lorsqu\u2019il va au Conseil de r\u00e9vision, on l\u2019inscrit dans la 3<sup>e<\/sup> partie de la liste de 1914. Il d\u00e9cide toutefois de s\u2019engager comme&nbsp;volontaire, pour 3&nbsp;ans, le 7&nbsp;avril 1914; il est incorpor\u00e9 au 39e R\u00e9giment d\u2019Infanterie, o\u00f9 il se pr\u00e9sente le lendemain.<\/p>\n<p>En ao\u00fbt 1914, Pierre et Andr\u00e9 sont donc dans le m\u00eame r\u00e9giment lorsque la guerre commence! Quelques jours plus tard, le 22&nbsp;ao\u00fbt, la bataille les s\u00e9pare&#8230;<\/p>\n<p><a href=\"https:\/\/lesmarret.marret.co\/wp-content\/uploads\/2017\/05\/1914-08-22-Marret-Andr\u00e9-D\u00e9c\u00e8s-RF_wp.jpg\"><img loading=\"lazy\" decoding=\"async\" class=\"wp-image-6434 alignright\" src=\"https:\/\/lesmarret.marret.co\/wp-content\/uploads\/2017\/05\/1914-08-22-Marret-Andr\u00e9-D\u00e9c\u00e8s-RF_wp.jpg\" alt=\"\" width=\"195\" height=\"300\" data-wp-pid=\"6434\" srcset=\"https:\/\/lesmarret.marret.co\/wp-content\/uploads\/2017\/05\/1914-08-22-Marret-Andr\u00e9-D\u00e9c\u00e8s-RF_wp.jpg 576w, https:\/\/lesmarret.marret.co\/wp-content\/uploads\/2017\/05\/1914-08-22-Marret-Andr\u00e9-D\u00e9c\u00e8s-RF_wp-195x300.jpg 195w, https:\/\/lesmarret.marret.co\/wp-content\/uploads\/2017\/05\/1914-08-22-Marret-Andr\u00e9-D\u00e9c\u00e8s-RF_wp-390x600.jpg 390w\" sizes=\"auto, (max-width: 195px) 100vw, 195px\" \/><br \/>\n<\/a>Lors des combats au Ch\u00e2telet (Belgique), <strong>Andr\u00e9 <\/strong>Marret dispara\u00eet; il est bless\u00e9 et meurt quelques jours \u2013 ou quelques semaines &#8211; plus tard, on ne le sait. Il est d\u00e9clar\u00e9 \u00ab&nbsp;<em>d\u00e9c\u00e9d\u00e9 ant\u00e9rieurement au 20&nbsp;janvier 1915 des suites de ses blessures, inhum\u00e9 au Ch\u00e2telet<\/em>.&nbsp;\u00bb<\/p>\n<p>Le m\u00eame jour, au cours des m\u00eames combats, <strong>Pierre<\/strong> Marret est bless\u00e9 et fait prisonnier; le 5&nbsp;mars 1915, il est \u00e9chang\u00e9 comme grand bless\u00e9\u2026 Amput\u00e9 de la jambe droite, r\u00e9form\u00e9, il ressentira toute sa vie les s\u00e9quelles de ses blessures. Pierre recevra la Croix de guerre 1914-1918.<\/p>\n<p style=\"text-align: left;\"><a href=\"https:\/\/lesmarret.marret.co\/wp-content\/uploads\/2017\/05\/Marret-Andr\u00e9-Tableau-dhonneur_wp.jpg\"><img loading=\"lazy\" decoding=\"async\" class=\"wp-image-6432 alignleft\" src=\"https:\/\/lesmarret.marret.co\/wp-content\/uploads\/2017\/05\/Marret-Andr\u00e9-Tableau-dhonneur_wp.jpg\" alt=\"\" width=\"210\" height=\"409\" data-wp-pid=\"6432\" srcset=\"https:\/\/lesmarret.marret.co\/wp-content\/uploads\/2017\/05\/Marret-Andr\u00e9-Tableau-dhonneur_wp.jpg 455w, https:\/\/lesmarret.marret.co\/wp-content\/uploads\/2017\/05\/Marret-Andr\u00e9-Tableau-dhonneur_wp-154x300.jpg 154w, https:\/\/lesmarret.marret.co\/wp-content\/uploads\/2017\/05\/Marret-Andr\u00e9-Tableau-dhonneur_wp-308x600.jpg 308w\" sizes=\"auto, (max-width: 210px) 100vw, 210px\" \/><\/a>Tous les deux appara\u00eetront au <em>Tableau d\u2019Honneur de la Grande Guerre<\/em>, \u00e9tabli par la revue <a href=\"http:\/\/www.lillustration.com\/LE-TABLEAU-D-HONNEUR-de-la-Guerre-1914-1918_a350.html\" target=\"_blank\" rel=\"noopener noreferrer\">l\u2019Illustration<\/a>. <a href=\"https:\/\/lesmarret.marret.co\/wp-content\/uploads\/2017\/05\/Tableau-dhonneur-14-18-p113-Pierre-Charles-Ernest-Marret._wp.jpg\"><img loading=\"lazy\" decoding=\"async\" class=\"wp-image-6467 alignright\" src=\"https:\/\/lesmarret.marret.co\/wp-content\/uploads\/2017\/05\/Tableau-dhonneur-14-18-p113-Pierre-Charles-Ernest-Marret._wp.jpg\" alt=\"\" width=\"210\" height=\"403\" data-wp-pid=\"6467\" srcset=\"https:\/\/lesmarret.marret.co\/wp-content\/uploads\/2017\/05\/Tableau-dhonneur-14-18-p113-Pierre-Charles-Ernest-Marret._wp.jpg 370w, https:\/\/lesmarret.marret.co\/wp-content\/uploads\/2017\/05\/Tableau-dhonneur-14-18-p113-Pierre-Charles-Ernest-Marret._wp-157x300.jpg 157w, https:\/\/lesmarret.marret.co\/wp-content\/uploads\/2017\/05\/Tableau-dhonneur-14-18-p113-Pierre-Charles-Ernest-Marret._wp-313x600.jpg 313w\" sizes=\"auto, (max-width: 210px) 100vw, 210px\" \/><\/a>Il s&rsquo;agit d&rsquo;une s\u00e9rie de planches, contenant chacune 25 \u00e0 28 portraits et noms de personnages ayant \u00e9t\u00e9 \u00ab\u00a0cit\u00e9s \u00e0 l&rsquo;ordre de l&rsquo;arm\u00e9e, nomm\u00e9s ou promus dans l&rsquo;ordre de la L\u00e9gion d&rsquo;honneur ou d\u00e9cor\u00e9s de la M\u00e9daille militaire\u00a0\u00bb. De janvier 1915 \u00e0 f\u00e9vrier 1919, l\u2019Illustration a ainsi publi\u00e9 658&nbsp;planches et pr\u00e9sent\u00e9 14&nbsp;486&nbsp;m\u00e9daill\u00e9s.<\/p>\n<p style=\"text-align: left;\">&nbsp;<\/p>\n<p><span style=\"margin: 0px; line-height: 115%; font-family: 'Georgia','serif'; font-size: 12pt;\"><span style=\"color: #000000;\"><a href=\"https:\/\/lesmarret.marret.co\/wp-content\/uploads\/2017\/05\/1915-02-04-MARRET-Andr\u00e9-Dossier-matricule_wp.jpg\"><img loading=\"lazy\" decoding=\"async\" class=\"wp-image-6431 alignleft\" src=\"https:\/\/lesmarret.marret.co\/wp-content\/uploads\/2017\/05\/1915-02-04-MARRET-Andr\u00e9-Dossier-matricule_wp-701x1024.jpg\" alt=\"\" width=\"200\" height=\"292\" data-wp-pid=\"6431\" srcset=\"https:\/\/lesmarret.marret.co\/wp-content\/uploads\/2017\/05\/1915-02-04-MARRET-Andr\u00e9-Dossier-matricule_wp-701x1024.jpg 701w, https:\/\/lesmarret.marret.co\/wp-content\/uploads\/2017\/05\/1915-02-04-MARRET-Andr\u00e9-Dossier-matricule_wp-205x300.jpg 205w, https:\/\/lesmarret.marret.co\/wp-content\/uploads\/2017\/05\/1915-02-04-MARRET-Andr\u00e9-Dossier-matricule_wp-768x1123.jpg 768w, https:\/\/lesmarret.marret.co\/wp-content\/uploads\/2017\/05\/1915-02-04-MARRET-Andr\u00e9-Dossier-matricule_wp-800x1169.jpg 800w, https:\/\/lesmarret.marret.co\/wp-content\/uploads\/2017\/05\/1915-02-04-MARRET-Andr\u00e9-Dossier-matricule_wp-410x600.jpg 410w, https:\/\/lesmarret.marret.co\/wp-content\/uploads\/2017\/05\/1915-02-04-MARRET-Andr\u00e9-Dossier-matricule_wp.jpg 808w\" sizes=\"auto, (max-width: 200px) 100vw, 200px\" \/><\/a><\/span><\/span><span style=\"margin: 0px; line-height: 115%; font-family: 'Georgia','serif'; font-size: 12pt;\"><span style=\"color: #000000;\"><a href=\"https:\/\/lesmarret.marret.co\/wp-content\/uploads\/2017\/05\/Marret-Pierre-Dossier-matricule-11_wp.jpg\"><img loading=\"lazy\" decoding=\"async\" class=\"wp-image-6466 alignright\" src=\"https:\/\/lesmarret.marret.co\/wp-content\/uploads\/2017\/05\/Marret-Pierre-Dossier-matricule-11_wp-649x1024.jpg\" alt=\"\" width=\"201\" height=\"317\" data-wp-pid=\"6466\" srcset=\"https:\/\/lesmarret.marret.co\/wp-content\/uploads\/2017\/05\/Marret-Pierre-Dossier-matricule-11_wp-649x1024.jpg 649w, https:\/\/lesmarret.marret.co\/wp-content\/uploads\/2017\/05\/Marret-Pierre-Dossier-matricule-11_wp-190x300.jpg 190w, https:\/\/lesmarret.marret.co\/wp-content\/uploads\/2017\/05\/Marret-Pierre-Dossier-matricule-11_wp-380x600.jpg 380w, https:\/\/lesmarret.marret.co\/wp-content\/uploads\/2017\/05\/Marret-Pierre-Dossier-matricule-11_wp.jpg 748w\" sizes=\"auto, (max-width: 201px) 100vw, 201px\" \/><br \/>\n<\/a><\/span><\/span><\/p>\n<p><span style=\"margin: 0px; line-height: 115%; font-family: 'Georgia','serif'; font-size: 12pt;\"><span style=\"color: #000000;\">Le site des Archives d\u00e9partementales de Seine-Inf\u00e9rieure permet de consulter les&nbsp;<a href=\"http:\/\/www.archivesdepartementales76.net\/rechercher\/archives-en-ligne\/registres-matricules\/\" target=\"_blank\" rel=\"noopener noreferrer\">dossiers matricules<\/a> ; la fiche d\u2019Andr\u00e9 Marret porte le n<\/span><sup><span style=\"color: #000000; font-size: small;\">o<\/span><\/sup><span style=\"color: #000000;\">&nbsp;1R3299, et celle de Pierre Marret le n<\/span><sup><span style=\"color: #000000; font-size: small;\">o<\/span><\/sup><span style=\"color: #000000;\">&nbsp;1R3359.<\/span><\/span><\/p>\n<p>&nbsp;<\/p>\n<p>Dans son site M\u00e9moire des Hommes, le Minist\u00e8re de la D\u00e9fense a publi\u00e9 les <em>Journaux des marches et op\u00e9rations des corps de troupe <\/em>(J.M.O.). Il est donc possible de consulter celui qui concerne le 39e r\u00e9giment d&rsquo;infanterie pour la p\u00e9riode du 1er ao\u00fbt au 3 septembre 1914. Le fichier PDF&nbsp;<a href=\"https:\/\/lesmarret.marret.co\/wp-content\/uploads\/2017\/05\/39e-Regt-Infanterie-JMO-1914-08-22.pdf\">39e Regt Infanterie &#8211; JMO 1914-08-22<\/a>&nbsp;pr\u00e9sente ici&nbsp;l\u2019extrait relatif \u00e0 la journ\u00e9e du 22&nbsp;ao\u00fbt 1914.<\/p>\n","protected":false},"excerpt":{"rendered":"<p>En 1890, Paul Marret (1863-1935) \u00e9pouse Marie Aubinet (1869-1937). Dans les ann\u00e9es qui suivent, ils ont deux enfants, Andr\u00e9 et Pierre, dont le destin se croise\u2026 Les registres matricules racontent\u2026 Ils sont tous deux n\u00e9s \u00e0 Paris&nbsp;: Andr\u00e9, Pierre Marret &hellip; <a href=\"https:\/\/lesmarret.marret.co\/index.php\/2017\/06\/01\/1914-deux-freres-marret-dans-la-meme-bataille\/\">Continuer la lecture <span class=\"meta-nav\">&rarr;<\/span><\/a><\/p>\n","protected":false},"author":1,"featured_media":0,"comment_status":"open","ping_status":"open","sticky":false,"template":"","format":"standard","meta":{"_monsterinsights_skip_tracking":false,"_monsterinsights_sitenote_active":false,"_monsterinsights_sitenote_note":"","_monsterinsights_sitenote_category":0,"ngg_post_thumbnail":0,"footnotes":""},"categories":[371],"tags":[],"class_list":["post-6651","post","type-post","status-publish","format-standard","hentry","category-les-marret"],"aioseo_notices":[],"_links":{"self":[{"href":"https:\/\/lesmarret.marret.co\/index.php\/wp-json\/wp\/v2\/posts\/6651","targetHints":{"allow":["GET"]}}],"collection":[{"href":"https:\/\/lesmarret.marret.co\/index.php\/wp-json\/wp\/v2\/posts"}],"about":[{"href":"https:\/\/lesmarret.marret.co\/index.php\/wp-json\/wp\/v2\/types\/post"}],"author":[{"embeddable":true,"href":"https:\/\/lesmarret.marret.co\/index.php\/wp-json\/wp\/v2\/users\/1"}],"replies":[{"embeddable":true,"href":"https:\/\/lesmarret.marret.co\/index.php\/wp-json\/wp\/v2\/comments?post=6651"}],"version-history":[{"count":4,"href":"https:\/\/lesmarret.marret.co\/index.php\/wp-json\/wp\/v2\/posts\/6651\/revisions"}],"predecessor-version":[{"id":7878,"href":"https:\/\/lesmarret.marret.co\/index.php\/wp-json\/wp\/v2\/posts\/6651\/revisions\/7878"}],"wp:attachment":[{"href":"https:\/\/lesmarret.marret.co\/index.php\/wp-json\/wp\/v2\/media?parent=6651"}],"wp:term":[{"taxonomy":"category","embeddable":true,"href":"https:\/\/lesmarret.marret.co\/index.php\/wp-json\/wp\/v2\/categories?post=6651"},{"taxonomy":"post_tag","embeddable":true,"href":"https:\/\/lesmarret.marret.co\/index.php\/wp-json\/wp\/v2\/tags?post=6651"}],"curies":[{"name":"wp","href":"https:\/\/api.w.org\/{rel}","templated":true}]}}