{"id":7155,"date":"2017-06-21T23:55:46","date_gmt":"2017-06-21T22:55:46","guid":{"rendered":"http:\/\/lesmarret.marret.co\/?p=7155"},"modified":"2021-01-17T17:17:14","modified_gmt":"2021-01-17T16:17:14","slug":"decouvrir-henri-marret-par-les-cartes-postales","status":"publish","type":"post","link":"https:\/\/lesmarret.marret.co\/index.php\/2017\/06\/21\/decouvrir-henri-marret-par-les-cartes-postales\/","title":{"rendered":"D\u00e9couvrir Henri Marret par les cartes postales"},"content":{"rendered":"<p>D\u00e9couvrir l\u2019\u0153uvre d\u2019Henri Marret n\u2019est pas toujours facile\u2026 Peu de ses tableaux se trouvent dans les mus\u00e9es et certains des \u00e9difices qu\u2019il a d\u00e9cor\u00e9s ont disparu. Heureusement, quelques-uns de ses descendants contribuent r\u00e9guli\u00e8rement \u00e0 l\u2019organisation d\u2019expositions qui lui sont d\u00e9di\u00e9es et des sites Internet lui consacrent plusieurs pages.<\/p>\n<p>Les cartophilistes peuvent toutefois collectionner plusieurs cartes postales montrant ses r\u00e9alisations&nbsp;: dessins, peintures, d\u00e9cors d\u2019\u00e9difices civils ou religieux\u2026<\/p>\n<p>Cette page en pr\u00e9sente quelques-unes et nous invitons tout visiteur \u00e0 \u00e9crire au webmestre pour lui envoyer des photos ou des informations sur des cartes postales n\u2019apparaissant pas dans cet inventaire sommaire.<\/p>\n<p><strong>Henri Marret \u00e0 la guerre de 1914-1918<\/strong><\/p>\n<p>Au cours de la guerre de 1914-1918, Henri Marret est t\u00e9moin de sc\u00e8nes et de drames qu\u2019il dessine; ses croquis lui serviront ult\u00e9rieurement pour r\u00e9aliser des gravures sur bois et des eaux-fortes.<\/p>\n<p><a href=\"https:\/\/lesmarret.marret.co\/wp-content\/uploads\/2017\/06\/HM-For\u00eat-dApremont-CP_wp.jpg\"><img loading=\"lazy\" decoding=\"async\" class=\"wp-image-7025 alignleft\" src=\"https:\/\/lesmarret.marret.co\/wp-content\/uploads\/2017\/06\/HM-For\u00eat-dApremont-CP_wp.jpg\" alt=\"\" width=\"175\" height=\"252\" data-wp-pid=\"7025\" srcset=\"https:\/\/lesmarret.marret.co\/wp-content\/uploads\/2017\/06\/HM-For\u00eat-dApremont-CP_wp.jpg 615w, https:\/\/lesmarret.marret.co\/wp-content\/uploads\/2017\/06\/HM-For\u00eat-dApremont-CP_wp-208x300.jpg 208w, https:\/\/lesmarret.marret.co\/wp-content\/uploads\/2017\/06\/HM-For\u00eat-dApremont-CP_wp-416x600.jpg 416w\" sizes=\"auto, (max-width: 175px) 100vw, 175px\" \/><\/a><\/p>\n<p><em><span style=\"font-size: 10pt;\">Devant la t\u00eate de Vache, for\u00eat d\u2019Apremont<\/span><\/em><br \/>\n<em><span style=\"font-size: 10pt;\"> (encre noire et lavis sur papier)<\/span><\/em><br \/>\n<em><span style=\"font-size: 10pt;\"> Exposition de Bergues (2014)<\/span><\/em><\/p>\n<p><a href=\"https:\/\/lesmarret.marret.co\/wp-content\/uploads\/2017\/06\/HM-Verdun-CP_wp.jpg\"><img loading=\"lazy\" decoding=\"async\" class=\"wp-image-7026 alignright\" src=\"https:\/\/lesmarret.marret.co\/wp-content\/uploads\/2017\/06\/HM-Verdun-CP_wp.jpg\" alt=\"\" width=\"249\" height=\"174\" data-wp-pid=\"7026\" srcset=\"https:\/\/lesmarret.marret.co\/wp-content\/uploads\/2017\/06\/HM-Verdun-CP_wp.jpg 886w, https:\/\/lesmarret.marret.co\/wp-content\/uploads\/2017\/06\/HM-Verdun-CP_wp-300x210.jpg 300w, https:\/\/lesmarret.marret.co\/wp-content\/uploads\/2017\/06\/HM-Verdun-CP_wp-768x537.jpg 768w, https:\/\/lesmarret.marret.co\/wp-content\/uploads\/2017\/06\/HM-Verdun-CP_wp-800x559.jpg 800w, https:\/\/lesmarret.marret.co\/wp-content\/uploads\/2017\/06\/HM-Verdun-CP_wp-600x419.jpg 600w\" sizes=\"auto, (max-width: 249px) 100vw, 249px\" \/><\/a><\/p>\n<p>&nbsp;<\/p>\n<p style=\"text-align: right; padding-left: 60px;\"><em><span style=\"font-size: 10pt;\">Verdun sous la neige (crayon sur papier)<\/span><\/em><br \/>\n<em><span style=\"font-size: 10pt;\">Exposition de Bergues (2014)<\/span><\/em><\/p>\n<p>&nbsp;<\/p>\n<p><strong>Henri Marret s\u2019expose\u2026<\/strong><\/p>\n<p>Exposant au Salon de la Soci\u00e9t\u00e9 des artistes fran\u00e7ais en 1900, Henri Marret s\u2019y &nbsp;fait remarquer et remporte une M\u00e9daille d\u2019honneur&nbsp;; au m\u00eame Salon, en 1906, il se voit d\u00e9cerner une M\u00e9daille de 2<sup>e<\/sup> classe\u2026 et il continue \u00e0 y exposer.<\/p>\n<p><img loading=\"lazy\" decoding=\"async\" class=\" wp-image-6953\" src=\"https:\/\/lesmarret.marret.co\/wp-content\/uploads\/2017\/06\/HM-Soleil-morne-1906_wp.jpg\" alt=\"\" width=\"294\" height=\"192\" data-wp-pid=\"6953\" srcset=\"https:\/\/lesmarret.marret.co\/wp-content\/uploads\/2017\/06\/HM-Soleil-morne-1906_wp.jpg 886w, https:\/\/lesmarret.marret.co\/wp-content\/uploads\/2017\/06\/HM-Soleil-morne-1906_wp-300x197.jpg 300w, https:\/\/lesmarret.marret.co\/wp-content\/uploads\/2017\/06\/HM-Soleil-morne-1906_wp-768x504.jpg 768w, https:\/\/lesmarret.marret.co\/wp-content\/uploads\/2017\/06\/HM-Soleil-morne-1906_wp-800x525.jpg 800w, https:\/\/lesmarret.marret.co\/wp-content\/uploads\/2017\/06\/HM-Soleil-morne-1906_wp-600x393.jpg 600w\" sizes=\"auto, (max-width: 294px) 100vw, 294px\" \/> &nbsp; &nbsp; &nbsp; &nbsp; &nbsp; <img loading=\"lazy\" decoding=\"async\" class=\" wp-image-6952\" src=\"https:\/\/lesmarret.marret.co\/wp-content\/uploads\/2017\/06\/HM-Apr\u00e8s-midi-dautomne-1906_wp.jpg\" alt=\"\" width=\"300\" height=\"191\" data-wp-pid=\"6952\" srcset=\"https:\/\/lesmarret.marret.co\/wp-content\/uploads\/2017\/06\/HM-Apr\u00e8s-midi-dautomne-1906_wp.jpg 886w, https:\/\/lesmarret.marret.co\/wp-content\/uploads\/2017\/06\/HM-Apr\u00e8s-midi-dautomne-1906_wp-300x191.jpg 300w, https:\/\/lesmarret.marret.co\/wp-content\/uploads\/2017\/06\/HM-Apr\u00e8s-midi-dautomne-1906_wp-768x490.jpg 768w, https:\/\/lesmarret.marret.co\/wp-content\/uploads\/2017\/06\/HM-Apr\u00e8s-midi-dautomne-1906_wp-800x510.jpg 800w, https:\/\/lesmarret.marret.co\/wp-content\/uploads\/2017\/06\/HM-Apr\u00e8s-midi-dautomne-1906_wp-600x383.jpg 600w\" sizes=\"auto, (max-width: 300px) 100vw, 300px\" \/>&nbsp;<span style=\"font-size: 10pt;\"><em>&nbsp; &nbsp; &nbsp; &nbsp; &nbsp; &nbsp; &nbsp; Soleil morne, route de T\u00e9touan, &nbsp; &nbsp; &nbsp; &nbsp; &nbsp; &nbsp; &nbsp; &nbsp; &nbsp; &nbsp; &nbsp; &nbsp; &nbsp; &nbsp; &nbsp;&nbsp; Apr\u00e8s midi d\u2019automne, femme \u00e9tendant du linge,<br \/>\n<\/em><\/span><em><span style=\"font-size: 10pt;\">&nbsp; &nbsp; &nbsp; &nbsp; &nbsp; &nbsp; &nbsp; &nbsp; &nbsp; &nbsp; &nbsp; &nbsp; &nbsp; &nbsp; &nbsp; &nbsp; &nbsp; &nbsp; &nbsp; &nbsp; &nbsp; &nbsp;&nbsp; (peintures) <\/span><\/em><span style=\"font-size: 10pt;\"><em>Salon de la Soci\u00e9t\u00e9 des Artistes Fran\u00e7ais (1906)<\/em><\/span><\/p>\n<p><a href=\"https:\/\/lesmarret.marret.co\/wp-content\/uploads\/2017\/06\/HM-Apr\u00e8s-midi-d\u00e9t\u00e9-1911_wp.jpg\"><img loading=\"lazy\" decoding=\"async\" class=\"wp-image-6954 aligncenter\" src=\"https:\/\/lesmarret.marret.co\/wp-content\/uploads\/2017\/06\/HM-Apr\u00e8s-midi-d\u00e9t\u00e9-1911_wp.jpg\" alt=\"\" width=\"300\" height=\"192\" data-wp-pid=\"6954\" srcset=\"https:\/\/lesmarret.marret.co\/wp-content\/uploads\/2017\/06\/HM-Apr\u00e8s-midi-d\u00e9t\u00e9-1911_wp.jpg 886w, https:\/\/lesmarret.marret.co\/wp-content\/uploads\/2017\/06\/HM-Apr\u00e8s-midi-d\u00e9t\u00e9-1911_wp-300x192.jpg 300w, https:\/\/lesmarret.marret.co\/wp-content\/uploads\/2017\/06\/HM-Apr\u00e8s-midi-d\u00e9t\u00e9-1911_wp-768x491.jpg 768w, https:\/\/lesmarret.marret.co\/wp-content\/uploads\/2017\/06\/HM-Apr\u00e8s-midi-d\u00e9t\u00e9-1911_wp-800x512.jpg 800w, https:\/\/lesmarret.marret.co\/wp-content\/uploads\/2017\/06\/HM-Apr\u00e8s-midi-d\u00e9t\u00e9-1911_wp-600x384.jpg 600w\" sizes=\"auto, (max-width: 300px) 100vw, 300px\" \/><\/a><\/p>\n<p style=\"text-align: center;\"><span style=\"font-size: 10pt;\"><em>Apr\u00e8s-midi d\u2019\u00e9t\u00e9, les bords de la Marne un jeudi<\/em><\/span><br \/>\n<span style=\"font-size: 10pt;\"><em>Salon de la Soci\u00e9t\u00e9 Nationale des Beaux Arts (1911)<\/em><\/span><\/p>\n<div id=\"attachment_6955\" style=\"width: 271px\" class=\"wp-caption alignleft\"><a href=\"https:\/\/lesmarret.marret.co\/wp-content\/uploads\/2017\/06\/HM-Paris-1925-Exposition-des-Arts-d\u00e9coratifs-Cour-des-m\u00e9tiers_wp.jpg\"><img loading=\"lazy\" decoding=\"async\" aria-describedby=\"caption-attachment-6955\" class=\" wp-image-6955\" src=\"https:\/\/lesmarret.marret.co\/wp-content\/uploads\/2017\/06\/HM-Paris-1925-Exposition-des-Arts-d\u00e9coratifs-Cour-des-m\u00e9tiers_wp.jpg\" alt=\"\" width=\"261\" height=\"165\" data-wp-pid=\"6955\" srcset=\"https:\/\/lesmarret.marret.co\/wp-content\/uploads\/2017\/06\/HM-Paris-1925-Exposition-des-Arts-d\u00e9coratifs-Cour-des-m\u00e9tiers_wp.jpg 886w, https:\/\/lesmarret.marret.co\/wp-content\/uploads\/2017\/06\/HM-Paris-1925-Exposition-des-Arts-d\u00e9coratifs-Cour-des-m\u00e9tiers_wp-300x190.jpg 300w, https:\/\/lesmarret.marret.co\/wp-content\/uploads\/2017\/06\/HM-Paris-1925-Exposition-des-Arts-d\u00e9coratifs-Cour-des-m\u00e9tiers_wp-768x485.jpg 768w, https:\/\/lesmarret.marret.co\/wp-content\/uploads\/2017\/06\/HM-Paris-1925-Exposition-des-Arts-d\u00e9coratifs-Cour-des-m\u00e9tiers_wp-800x506.jpg 800w, https:\/\/lesmarret.marret.co\/wp-content\/uploads\/2017\/06\/HM-Paris-1925-Exposition-des-Arts-d\u00e9coratifs-Cour-des-m\u00e9tiers_wp-600x379.jpg 600w\" sizes=\"auto, (max-width: 261px) 100vw, 261px\" \/><\/a><p id=\"caption-attachment-6955\" class=\"wp-caption-text\">Paris &#8211; Cour des M\u00e9tiers<\/p><\/div>\n<p>&nbsp;<\/p>\n<p>L\u2019Exposition Internationale des Arts d\u00e9coratifs, \u00e0 Paris, en 1925, marque la carri\u00e8re d\u2019Henri Marret qui y pr\u00e9sente des \u0153uvres monumentales et, en particulier, quatre panneaux d\u00e9coratifs dans la Cour des m\u00e9tiers con\u00e7ue par l\u2019architecte Charles Plumet.<\/p>\n<p>&nbsp;<\/p>\n<div id=\"attachment_6957\" style=\"width: 272px\" class=\"wp-caption alignleft\"><a href=\"https:\/\/lesmarret.marret.co\/wp-content\/uploads\/2017\/06\/HM-Paris-1925-Exposition-des-Arts-d\u00e9coratifs-fresque-LArchitecture-CP-1_wp.jpg\"><img loading=\"lazy\" decoding=\"async\" aria-describedby=\"caption-attachment-6957\" class=\" wp-image-6957\" src=\"https:\/\/lesmarret.marret.co\/wp-content\/uploads\/2017\/06\/HM-Paris-1925-Exposition-des-Arts-d\u00e9coratifs-fresque-LArchitecture-CP-1_wp.jpg\" alt=\"\" width=\"262\" height=\"166\" data-wp-pid=\"6957\" srcset=\"https:\/\/lesmarret.marret.co\/wp-content\/uploads\/2017\/06\/HM-Paris-1925-Exposition-des-Arts-d\u00e9coratifs-fresque-LArchitecture-CP-1_wp.jpg 886w, https:\/\/lesmarret.marret.co\/wp-content\/uploads\/2017\/06\/HM-Paris-1925-Exposition-des-Arts-d\u00e9coratifs-fresque-LArchitecture-CP-1_wp-300x190.jpg 300w, https:\/\/lesmarret.marret.co\/wp-content\/uploads\/2017\/06\/HM-Paris-1925-Exposition-des-Arts-d\u00e9coratifs-fresque-LArchitecture-CP-1_wp-768x486.jpg 768w, https:\/\/lesmarret.marret.co\/wp-content\/uploads\/2017\/06\/HM-Paris-1925-Exposition-des-Arts-d\u00e9coratifs-fresque-LArchitecture-CP-1_wp-800x507.jpg 800w, https:\/\/lesmarret.marret.co\/wp-content\/uploads\/2017\/06\/HM-Paris-1925-Exposition-des-Arts-d\u00e9coratifs-fresque-LArchitecture-CP-1_wp-600x380.jpg 600w\" sizes=\"auto, (max-width: 262px) 100vw, 262px\" \/><\/a><p id=\"caption-attachment-6957\" class=\"wp-caption-text\">Paris &#8211; Cour des M\u00e9tiers : L&rsquo;architecture<\/p><\/div>\n<div id=\"attachment_6956\" style=\"width: 275px\" class=\"wp-caption alignright\"><a href=\"https:\/\/lesmarret.marret.co\/wp-content\/uploads\/2017\/06\/HM-Paris-1925-Exposition-des-Arts-d\u00e9coratifs-fresque-La-Rue-1_wp.jpg\"><img loading=\"lazy\" decoding=\"async\" aria-describedby=\"caption-attachment-6956\" class=\" wp-image-6956\" src=\"https:\/\/lesmarret.marret.co\/wp-content\/uploads\/2017\/06\/HM-Paris-1925-Exposition-des-Arts-d\u00e9coratifs-fresque-La-Rue-1_wp.jpg\" alt=\"\" width=\"265\" height=\"165\" data-wp-pid=\"6956\" srcset=\"https:\/\/lesmarret.marret.co\/wp-content\/uploads\/2017\/06\/HM-Paris-1925-Exposition-des-Arts-d\u00e9coratifs-fresque-La-Rue-1_wp.jpg 886w, https:\/\/lesmarret.marret.co\/wp-content\/uploads\/2017\/06\/HM-Paris-1925-Exposition-des-Arts-d\u00e9coratifs-fresque-La-Rue-1_wp-300x187.jpg 300w, https:\/\/lesmarret.marret.co\/wp-content\/uploads\/2017\/06\/HM-Paris-1925-Exposition-des-Arts-d\u00e9coratifs-fresque-La-Rue-1_wp-768x478.jpg 768w, https:\/\/lesmarret.marret.co\/wp-content\/uploads\/2017\/06\/HM-Paris-1925-Exposition-des-Arts-d\u00e9coratifs-fresque-La-Rue-1_wp-800x498.jpg 800w, https:\/\/lesmarret.marret.co\/wp-content\/uploads\/2017\/06\/HM-Paris-1925-Exposition-des-Arts-d\u00e9coratifs-fresque-La-Rue-1_wp-600x374.jpg 600w\" sizes=\"auto, (max-width: 265px) 100vw, 265px\" \/><\/a><p id=\"caption-attachment-6956\" class=\"wp-caption-text\">Paris &#8211; Cour des M\u00e9tiers : La rue<\/p><\/div>\n<p>&nbsp;<\/p>\n<p>&nbsp;<\/p>\n<p>&nbsp;<\/p>\n<p>&nbsp;<\/p>\n<p>&nbsp;<\/p>\n<p>&nbsp;<\/p>\n<div id=\"attachment_6958\" style=\"width: 266px\" class=\"wp-caption alignleft\"><a href=\"https:\/\/lesmarret.marret.co\/wp-content\/uploads\/2017\/06\/HM-Paris-1925-Exposition-des-Arts-d\u00e9coratifs-fresque-Les-Sports-CP-1_wp.jpg\"><img loading=\"lazy\" decoding=\"async\" aria-describedby=\"caption-attachment-6958\" class=\" wp-image-6958\" src=\"https:\/\/lesmarret.marret.co\/wp-content\/uploads\/2017\/06\/HM-Paris-1925-Exposition-des-Arts-d\u00e9coratifs-fresque-Les-Sports-CP-1_wp.jpg\" alt=\"\" width=\"256\" height=\"165\" data-wp-pid=\"6958\" srcset=\"https:\/\/lesmarret.marret.co\/wp-content\/uploads\/2017\/06\/HM-Paris-1925-Exposition-des-Arts-d\u00e9coratifs-fresque-Les-Sports-CP-1_wp.jpg 886w, https:\/\/lesmarret.marret.co\/wp-content\/uploads\/2017\/06\/HM-Paris-1925-Exposition-des-Arts-d\u00e9coratifs-fresque-Les-Sports-CP-1_wp-300x193.jpg 300w, https:\/\/lesmarret.marret.co\/wp-content\/uploads\/2017\/06\/HM-Paris-1925-Exposition-des-Arts-d\u00e9coratifs-fresque-Les-Sports-CP-1_wp-768x495.jpg 768w, https:\/\/lesmarret.marret.co\/wp-content\/uploads\/2017\/06\/HM-Paris-1925-Exposition-des-Arts-d\u00e9coratifs-fresque-Les-Sports-CP-1_wp-800x516.jpg 800w, https:\/\/lesmarret.marret.co\/wp-content\/uploads\/2017\/06\/HM-Paris-1925-Exposition-des-Arts-d\u00e9coratifs-fresque-Les-Sports-CP-1_wp-600x387.jpg 600w\" sizes=\"auto, (max-width: 256px) 100vw, 256px\" \/><\/a><p id=\"caption-attachment-6958\" class=\"wp-caption-text\">Paris &#8211; Cour des M\u00e9tiers : Les sports<\/p><\/div>\n<div id=\"attachment_6959\" style=\"width: 269px\" class=\"wp-caption alignright\"><a href=\"https:\/\/lesmarret.marret.co\/wp-content\/uploads\/2017\/06\/HM-Paris-1925-Exposition-des-Arts-d\u00e9coratifs-fresque-Les-Transports-CP-1_wp.jpg\"><img loading=\"lazy\" decoding=\"async\" aria-describedby=\"caption-attachment-6959\" class=\" wp-image-6959\" src=\"https:\/\/lesmarret.marret.co\/wp-content\/uploads\/2017\/06\/HM-Paris-1925-Exposition-des-Arts-d\u00e9coratifs-fresque-Les-Transports-CP-1_wp.jpg\" alt=\"\" width=\"259\" height=\"165\" data-wp-pid=\"6959\" srcset=\"https:\/\/lesmarret.marret.co\/wp-content\/uploads\/2017\/06\/HM-Paris-1925-Exposition-des-Arts-d\u00e9coratifs-fresque-Les-Transports-CP-1_wp.jpg 886w, https:\/\/lesmarret.marret.co\/wp-content\/uploads\/2017\/06\/HM-Paris-1925-Exposition-des-Arts-d\u00e9coratifs-fresque-Les-Transports-CP-1_wp-300x191.jpg 300w, https:\/\/lesmarret.marret.co\/wp-content\/uploads\/2017\/06\/HM-Paris-1925-Exposition-des-Arts-d\u00e9coratifs-fresque-Les-Transports-CP-1_wp-768x489.jpg 768w, https:\/\/lesmarret.marret.co\/wp-content\/uploads\/2017\/06\/HM-Paris-1925-Exposition-des-Arts-d\u00e9coratifs-fresque-Les-Transports-CP-1_wp-800x509.jpg 800w, https:\/\/lesmarret.marret.co\/wp-content\/uploads\/2017\/06\/HM-Paris-1925-Exposition-des-Arts-d\u00e9coratifs-fresque-Les-Transports-CP-1_wp-600x382.jpg 600w\" sizes=\"auto, (max-width: 259px) 100vw, 259px\" \/><\/a><p id=\"caption-attachment-6959\" class=\"wp-caption-text\">Paris &#8211; Cour des M\u00e9tiers : Les transports<\/p><\/div>\n<p>&nbsp;<\/p>\n<p>&nbsp;<\/p>\n<p>&nbsp;<\/p>\n<p>&nbsp;<\/p>\n<p>&nbsp;<\/p>\n<div id=\"attachment_6968\" style=\"width: 242px\" class=\"wp-caption alignright\"><a href=\"https:\/\/lesmarret.marret.co\/wp-content\/uploads\/2017\/06\/2005-10-01-Pont-Aven-Inauguration-Exposition-Henri-Marret-CP_wp.jpg\"><img loading=\"lazy\" decoding=\"async\" aria-describedby=\"caption-attachment-6968\" class=\" wp-image-6968\" src=\"https:\/\/lesmarret.marret.co\/wp-content\/uploads\/2017\/06\/2005-10-01-Pont-Aven-Inauguration-Exposition-Henri-Marret-CP_wp.jpg\" alt=\"\" width=\"232\" height=\"164\" data-wp-pid=\"6968\" srcset=\"https:\/\/lesmarret.marret.co\/wp-content\/uploads\/2017\/06\/2005-10-01-Pont-Aven-Inauguration-Exposition-Henri-Marret-CP_wp.jpg 886w, https:\/\/lesmarret.marret.co\/wp-content\/uploads\/2017\/06\/2005-10-01-Pont-Aven-Inauguration-Exposition-Henri-Marret-CP_wp-300x212.jpg 300w, https:\/\/lesmarret.marret.co\/wp-content\/uploads\/2017\/06\/2005-10-01-Pont-Aven-Inauguration-Exposition-Henri-Marret-CP_wp-768x543.jpg 768w, https:\/\/lesmarret.marret.co\/wp-content\/uploads\/2017\/06\/2005-10-01-Pont-Aven-Inauguration-Exposition-Henri-Marret-CP_wp-800x565.jpg 800w, https:\/\/lesmarret.marret.co\/wp-content\/uploads\/2017\/06\/2005-10-01-Pont-Aven-Inauguration-Exposition-Henri-Marret-CP_wp-600x424.jpg 600w\" sizes=\"auto, (max-width: 232px) 100vw, 232px\" \/><\/a><p id=\"caption-attachment-6968\" class=\"wp-caption-text\">La chapelle de Tremorvezen (bois grav\u00e9)<br \/>Exposition de Pont-Aven (2005)<\/p><\/div>\n<p>&nbsp;<\/p>\n<p>Apr\u00e8s le d\u00e9c\u00e8s d\u2019Henri Marret, l\u2019un de ses petits-enfants perp\u00e9tue sa m\u00e9moire et contribue \u00e0 l\u2019organisation d\u2019expositions qui lui sont consacr\u00e9es, telle celle tenue en 2005 au Mus\u00e9e de Pont-Aven.<\/p>\n<p>&nbsp;<\/p>\n<p>En 2013-2014, le Mus\u00e9e des Beaux-Arts de Quimper pr\u00e9sente, sur le th\u00e8me \u00ab&nbsp;<em>Parcourir la Bretagne<\/em>&nbsp;\u00bb, une s\u00e9rie d\u2019aquarelles d\u2019Henri Marret o\u00f9 la nature, les villages et les \u00e9glises constituent un itin\u00e9raire en beaut\u00e9\u2026<\/p>\n<p style=\"text-align: center;\"><div id=\"metaslider-id-7447\" style=\"max-width: 500px; margin: 0 auto;\" class=\"ml-slider-3-105-0 metaslider metaslider-nivo metaslider-7447 ml-slider has-dots-nav ms-theme-default\" role=\"region\" aria-label=\"HM \u2013 Quimper\" data-height=\"375\" data-width=\"500\">\n    <div id=\"metaslider_container_7447\">\n        <div class='slider-wrapper theme-default'><div class='ribbon'><\/div><div id='metaslider_7447' class='nivoSlider'><img loading=\"lazy\" decoding=\"async\" src=\"https:\/\/lesmarret.marret.co\/wp-content\/uploads\/2017\/11\/HM-\u00c9tude-de-bateaux_wp-500x375.jpg\" height=\"375\" width=\"500\" data-caption=\"&Eacute;tude de bateaux (vers 1908-1910)\" alt=\"\" class=\"slider-7447 slide-7456 msDefaultImage\" \/><img loading=\"lazy\" decoding=\"async\" src=\"https:\/\/lesmarret.marret.co\/wp-content\/uploads\/2017\/11\/HM-Brigognan-1_wp-500x375.jpg\" height=\"375\" width=\"500\" data-caption=\"Brignogan (1928)\" alt=\"\" class=\"slider-7447 slide-7463 msDefaultImage\" \/><img loading=\"lazy\" decoding=\"async\" src=\"https:\/\/lesmarret.marret.co\/wp-content\/uploads\/2017\/11\/HM-Brigognan-2_wp-500x375.jpg\" height=\"375\" width=\"500\" data-caption=\"Brignogan (1928)\" alt=\"\" class=\"slider-7447 slide-7462 msDefaultImage\" \/><img loading=\"lazy\" decoding=\"async\" src=\"https:\/\/lesmarret.marret.co\/wp-content\/uploads\/2017\/11\/HM-Brigognan-3_wp-500x375.jpg\" height=\"375\" width=\"500\" data-caption=\"Brignogan (1928)\" alt=\"\" class=\"slider-7447 slide-7461 msDefaultImage\" \/><img loading=\"lazy\" decoding=\"async\" src=\"https:\/\/lesmarret.marret.co\/wp-content\/uploads\/2017\/11\/HM-Plougrescant_wp-500x375.jpg\" height=\"375\" width=\"500\" data-caption=\"Plougrescant (1934)\" alt=\"\" class=\"slider-7447 slide-7454 msDefaultImage\" \/><img loading=\"lazy\" decoding=\"async\" src=\"https:\/\/lesmarret.marret.co\/wp-content\/uploads\/2017\/11\/HM-Le-P\u00f4_wp-500x375.jpg\" height=\"375\" width=\"500\" data-caption=\"Le P&ocirc; (1924)\" alt=\"\" class=\"slider-7447 slide-7455 msDefaultImage\" \/><img loading=\"lazy\" decoding=\"async\" src=\"https:\/\/lesmarret.marret.co\/wp-content\/uploads\/2017\/11\/HM-Pont-Lorois_wp-500x375.jpg\" height=\"375\" width=\"500\" data-caption=\"Port Lorois, Les Chaumi&egrave;res (1924)\" alt=\"\" class=\"slider-7447 slide-7453 msDefaultImage\" \/><img loading=\"lazy\" decoding=\"async\" src=\"https:\/\/lesmarret.marret.co\/wp-content\/uploads\/2017\/11\/HM-Port-Manech-3_wp-500x375.jpg\" height=\"375\" width=\"500\" data-caption=\"Port Manech (1929)\" alt=\"\" class=\"slider-7447 slide-7450 msDefaultImage\" \/><img loading=\"lazy\" decoding=\"async\" src=\"https:\/\/lesmarret.marret.co\/wp-content\/uploads\/2017\/11\/HM-Port-Manech-1_wp-500x375.jpg\" height=\"375\" width=\"500\" data-caption=\"Port Manech (vers 1929 ou 1935)\" alt=\"\" class=\"slider-7447 slide-7452 msDefaultImage\" \/><img loading=\"lazy\" decoding=\"async\" src=\"https:\/\/lesmarret.marret.co\/wp-content\/uploads\/2017\/11\/HM-Port-Manech-2_wp-500x375.jpg\" height=\"375\" width=\"500\" data-caption=\"Port Manech (1929)\" alt=\"\" class=\"slider-7447 slide-7451 msDefaultImage\" \/><img loading=\"lazy\" decoding=\"async\" src=\"https:\/\/lesmarret.marret.co\/wp-content\/uploads\/2017\/11\/HM-Pr\u00e8s-de-Port-Navalo_wp-500x375.jpg\" height=\"375\" width=\"500\" data-caption=\"Pr&egrave;s de Port Navalo (1914)\" alt=\"\" class=\"slider-7447 slide-7449 msDefaultImage\" \/><img loading=\"lazy\" decoding=\"async\" src=\"https:\/\/lesmarret.marret.co\/wp-content\/uploads\/2017\/11\/HM-Roguenes_wp-500x375.jpg\" height=\"375\" width=\"500\" data-caption=\"Roguenes (1929)\" alt=\"\" class=\"slider-7447 slide-7448 msDefaultImage\" \/><img loading=\"lazy\" decoding=\"async\" src=\"https:\/\/lesmarret.marret.co\/wp-content\/uploads\/2017\/11\/HM-Carnac_wp-500x375.jpg\" height=\"375\" width=\"500\" data-caption=\"Carnac (1924)\" alt=\"\" class=\"slider-7447 slide-7460 msDefaultImage\" \/><img loading=\"lazy\" decoding=\"async\" src=\"https:\/\/lesmarret.marret.co\/wp-content\/uploads\/2017\/11\/HM-Chapelle-N-D-des-Fleurs_wp-500x375.jpg\" height=\"375\" width=\"500\" data-caption=\"Chapelle Notre-Dame des Fleurs, Plouharnel (1924)\" alt=\"\" class=\"slider-7447 slide-7458 msDefaultImage\" \/><img loading=\"lazy\" decoding=\"async\" src=\"https:\/\/lesmarret.marret.co\/wp-content\/uploads\/2017\/11\/HM-Chapelle-Saint-Colomban_wp-500x375.jpg\" height=\"375\" width=\"500\" data-caption=\"Chapelle Saint-Colomban (1924)\" alt=\"\" class=\"slider-7447 slide-7457 msDefaultImage\" \/><img loading=\"lazy\" decoding=\"async\" src=\"https:\/\/lesmarret.marret.co\/wp-content\/uploads\/2017\/11\/HM-Chapelle-de-Tremorvezen_wp-500x375.jpg\" height=\"375\" width=\"500\" data-caption=\"La chapelle de Tremorvezen\" alt=\"\" class=\"slider-7447 slide-7459 msDefaultImage\" \/><\/div><\/div>\n        \n    <\/div>\n<\/div><\/p>\n<p><strong>Henri Marret, d\u00e9corateur de b\u00e2timents civils et religieux<\/strong><\/p>\n<p>Le Manoir d\u2019<span style=\"text-decoration: underline;\">Angervilliers<\/span> (91) est, en 1913, la r\u00e9sidence du s\u00e9nateur Lazare Weiller, parent de Sophie Wallerstein. Henri Marret y peint plusieurs fresques, dont certaines dans le bureau et la salle \u00e0 manger. Occup\u00e9 par les Allemands pendant la guerre 1939-1945 et abandonn\u00e9 ensuite, le ch\u00e2teau est actuellement en ruines.<\/p>\n<div id=\"attachment_7017\" style=\"width: 266px\" class=\"wp-caption alignleft\"><a href=\"https:\/\/lesmarret.marret.co\/wp-content\/uploads\/2017\/06\/HM-Angervilliers-1913-Ch\u00e2teau-salle-\u00e0-manger_wp.jpg\"><img loading=\"lazy\" decoding=\"async\" aria-describedby=\"caption-attachment-7017\" class=\" wp-image-7017\" src=\"https:\/\/lesmarret.marret.co\/wp-content\/uploads\/2017\/06\/HM-Angervilliers-1913-Ch\u00e2teau-salle-\u00e0-manger_wp.jpg\" alt=\"\" width=\"256\" height=\"165\" data-wp-pid=\"7017\" srcset=\"https:\/\/lesmarret.marret.co\/wp-content\/uploads\/2017\/06\/HM-Angervilliers-1913-Ch\u00e2teau-salle-\u00e0-manger_wp.jpg 886w, https:\/\/lesmarret.marret.co\/wp-content\/uploads\/2017\/06\/HM-Angervilliers-1913-Ch\u00e2teau-salle-\u00e0-manger_wp-300x193.jpg 300w, https:\/\/lesmarret.marret.co\/wp-content\/uploads\/2017\/06\/HM-Angervilliers-1913-Ch\u00e2teau-salle-\u00e0-manger_wp-768x495.jpg 768w, https:\/\/lesmarret.marret.co\/wp-content\/uploads\/2017\/06\/HM-Angervilliers-1913-Ch\u00e2teau-salle-\u00e0-manger_wp-800x516.jpg 800w, https:\/\/lesmarret.marret.co\/wp-content\/uploads\/2017\/06\/HM-Angervilliers-1913-Ch\u00e2teau-salle-\u00e0-manger_wp-600x387.jpg 600w\" sizes=\"auto, (max-width: 256px) 100vw, 256px\" \/><\/a><p id=\"caption-attachment-7017\" class=\"wp-caption-text\">Angervilliers &#8211; Ch\u00e2teau, salle \u00e0 manger<\/p><\/div>\n<div id=\"attachment_7150\" style=\"width: 265px\" class=\"wp-caption alignright\"><a href=\"https:\/\/lesmarret.marret.co\/wp-content\/uploads\/2017\/06\/HM-Angervilliers-1913-Ch\u00e2teau-biblioth\u00e8que_wp.jpg\"><img loading=\"lazy\" decoding=\"async\" aria-describedby=\"caption-attachment-7150\" class=\" wp-image-7150\" src=\"https:\/\/lesmarret.marret.co\/wp-content\/uploads\/2017\/06\/HM-Angervilliers-1913-Ch\u00e2teau-biblioth\u00e8que_wp.jpg\" alt=\"\" width=\"255\" height=\"165\" data-wp-pid=\"7150\" srcset=\"https:\/\/lesmarret.marret.co\/wp-content\/uploads\/2017\/06\/HM-Angervilliers-1913-Ch\u00e2teau-biblioth\u00e8que_wp.jpg 886w, https:\/\/lesmarret.marret.co\/wp-content\/uploads\/2017\/06\/HM-Angervilliers-1913-Ch\u00e2teau-biblioth\u00e8que_wp-300x195.jpg 300w, https:\/\/lesmarret.marret.co\/wp-content\/uploads\/2017\/06\/HM-Angervilliers-1913-Ch\u00e2teau-biblioth\u00e8que_wp-768x498.jpg 768w, https:\/\/lesmarret.marret.co\/wp-content\/uploads\/2017\/06\/HM-Angervilliers-1913-Ch\u00e2teau-biblioth\u00e8que_wp-800x519.jpg 800w, https:\/\/lesmarret.marret.co\/wp-content\/uploads\/2017\/06\/HM-Angervilliers-1913-Ch\u00e2teau-biblioth\u00e8que_wp-600x389.jpg 600w\" sizes=\"auto, (max-width: 255px) 100vw, 255px\" \/><\/a><p id=\"caption-attachment-7150\" class=\"wp-caption-text\">Angervilliers &#8211; Ch\u00e2teau, biblioth\u00e8que<\/p><\/div>\n<p>&nbsp;<\/p>\n<p>&nbsp;<\/p>\n<p>&nbsp;<\/p>\n<p>&nbsp;<\/p>\n<p>&nbsp;<\/p>\n<p>Sophie Wallerstein est la fondatrice de l\u2019a\u00e9rium d\u2019<span style=\"text-decoration: underline;\">Ar\u00e8s<\/span> (33). Celle-ci fait construire les b\u00e2timents en 1912 sous la responsabilit\u00e9 des architectes Charles Duval \u2013 cousin d\u2019Henri Marret \u2013 et d\u2019Emmanuel Gonse. Henri Marret y r\u00e9alise plusieurs fresques.<\/p>\n<div id=\"attachment_7019\" style=\"width: 267px\" class=\"wp-caption alignleft\"><a href=\"https:\/\/lesmarret.marret.co\/wp-content\/uploads\/2017\/06\/HM-Ar\u00e8s-1913-A\u00e9rium-Le-R\u00e9fectoire-2_wp.jpg\"><img loading=\"lazy\" decoding=\"async\" aria-describedby=\"caption-attachment-7019\" class=\" wp-image-7019\" src=\"https:\/\/lesmarret.marret.co\/wp-content\/uploads\/2017\/06\/HM-Ar\u00e8s-1913-A\u00e9rium-Le-R\u00e9fectoire-2_wp.jpg\" alt=\"\" width=\"257\" height=\"165\" data-wp-pid=\"7019\" srcset=\"https:\/\/lesmarret.marret.co\/wp-content\/uploads\/2017\/06\/HM-Ar\u00e8s-1913-A\u00e9rium-Le-R\u00e9fectoire-2_wp.jpg 886w, https:\/\/lesmarret.marret.co\/wp-content\/uploads\/2017\/06\/HM-Ar\u00e8s-1913-A\u00e9rium-Le-R\u00e9fectoire-2_wp-300x193.jpg 300w, https:\/\/lesmarret.marret.co\/wp-content\/uploads\/2017\/06\/HM-Ar\u00e8s-1913-A\u00e9rium-Le-R\u00e9fectoire-2_wp-768x493.jpg 768w, https:\/\/lesmarret.marret.co\/wp-content\/uploads\/2017\/06\/HM-Ar\u00e8s-1913-A\u00e9rium-Le-R\u00e9fectoire-2_wp-800x514.jpg 800w, https:\/\/lesmarret.marret.co\/wp-content\/uploads\/2017\/06\/HM-Ar\u00e8s-1913-A\u00e9rium-Le-R\u00e9fectoire-2_wp-600x385.jpg 600w\" sizes=\"auto, (max-width: 257px) 100vw, 257px\" \/><\/a><p id=\"caption-attachment-7019\" class=\"wp-caption-text\">Ar\u00e8s &#8211; A\u00e9rium, Le R\u00e9fectoire (1913)<\/p><\/div>\n<div id=\"attachment_7018\" style=\"width: 266px\" class=\"wp-caption alignright\"><a href=\"https:\/\/lesmarret.marret.co\/wp-content\/uploads\/2017\/06\/HM-Ar\u00e8s-1913-A\u00e9rium-Le-R\u00e9fectoire-1_wp.jpg\"><img loading=\"lazy\" decoding=\"async\" aria-describedby=\"caption-attachment-7018\" class=\" wp-image-7018\" src=\"https:\/\/lesmarret.marret.co\/wp-content\/uploads\/2017\/06\/HM-Ar\u00e8s-1913-A\u00e9rium-Le-R\u00e9fectoire-1_wp.jpg\" alt=\"\" width=\"256\" height=\"165\" data-wp-pid=\"7018\" srcset=\"https:\/\/lesmarret.marret.co\/wp-content\/uploads\/2017\/06\/HM-Ar\u00e8s-1913-A\u00e9rium-Le-R\u00e9fectoire-1_wp.jpg 886w, https:\/\/lesmarret.marret.co\/wp-content\/uploads\/2017\/06\/HM-Ar\u00e8s-1913-A\u00e9rium-Le-R\u00e9fectoire-1_wp-300x193.jpg 300w, https:\/\/lesmarret.marret.co\/wp-content\/uploads\/2017\/06\/HM-Ar\u00e8s-1913-A\u00e9rium-Le-R\u00e9fectoire-1_wp-768x495.jpg 768w, https:\/\/lesmarret.marret.co\/wp-content\/uploads\/2017\/06\/HM-Ar\u00e8s-1913-A\u00e9rium-Le-R\u00e9fectoire-1_wp-800x516.jpg 800w, https:\/\/lesmarret.marret.co\/wp-content\/uploads\/2017\/06\/HM-Ar\u00e8s-1913-A\u00e9rium-Le-R\u00e9fectoire-1_wp-600x387.jpg 600w\" sizes=\"auto, (max-width: 256px) 100vw, 256px\" \/><\/a><p id=\"caption-attachment-7018\" class=\"wp-caption-text\">Ar\u00e8s &#8211; A\u00e9rium, Le R\u00e9fectoire (1913)<\/p><\/div>\n<p>&nbsp;<\/p>\n<p>&nbsp;<\/p>\n<p>&nbsp;<\/p>\n<p>&nbsp;<\/p>\n<p>&nbsp;<\/p>\n<p>&nbsp;<\/p>\n<p>Le monument aux morts de <span style=\"text-decoration: underline;\">Ch\u00e2tillon-sur-Indre<\/span> (36) &#8211; l\u2019un des plus imposants du genre &#8211; est \u00e9rig\u00e9 en 1926. \u00c0 la demande du Conseil municipal, Henri Marret illustre le monument en s\u2019inspirant de trois \u00e9pisodes, chacun d\u00e9crit en d\u00e9tail&nbsp;: le d\u00e9part \u2013 l\u2019absence \u2013 le retour.<\/p>\n<div id=\"attachment_7152\" style=\"width: 255px\" class=\"wp-caption alignleft\"><a href=\"https:\/\/lesmarret.marret.co\/wp-content\/uploads\/2017\/06\/1926-Chatillon-sur-Indre-Monument-aux-morts-Le-D\u00e9part-CP3_wp.jpg\"><img loading=\"lazy\" decoding=\"async\" aria-describedby=\"caption-attachment-7152\" class=\" wp-image-7152\" src=\"https:\/\/lesmarret.marret.co\/wp-content\/uploads\/2017\/06\/1926-Chatillon-sur-Indre-Monument-aux-morts-Le-D\u00e9part-CP3_wp.jpg\" alt=\"\" width=\"245\" height=\"155\" data-wp-pid=\"7152\" srcset=\"https:\/\/lesmarret.marret.co\/wp-content\/uploads\/2017\/06\/1926-Chatillon-sur-Indre-Monument-aux-morts-Le-D\u00e9part-CP3_wp.jpg 886w, https:\/\/lesmarret.marret.co\/wp-content\/uploads\/2017\/06\/1926-Chatillon-sur-Indre-Monument-aux-morts-Le-D\u00e9part-CP3_wp-300x190.jpg 300w, https:\/\/lesmarret.marret.co\/wp-content\/uploads\/2017\/06\/1926-Chatillon-sur-Indre-Monument-aux-morts-Le-D\u00e9part-CP3_wp-768x485.jpg 768w, https:\/\/lesmarret.marret.co\/wp-content\/uploads\/2017\/06\/1926-Chatillon-sur-Indre-Monument-aux-morts-Le-D\u00e9part-CP3_wp-800x506.jpg 800w, https:\/\/lesmarret.marret.co\/wp-content\/uploads\/2017\/06\/1926-Chatillon-sur-Indre-Monument-aux-morts-Le-D\u00e9part-CP3_wp-600x379.jpg 600w\" sizes=\"auto, (max-width: 245px) 100vw, 245px\" \/><\/a><p id=\"caption-attachment-7152\" class=\"wp-caption-text\">Chatillon-sur-Indre &#8211; Le d\u00e9part<\/p><\/div>\n<div id=\"attachment_7151\" style=\"width: 255px\" class=\"wp-caption alignright\"><a href=\"https:\/\/lesmarret.marret.co\/wp-content\/uploads\/2017\/06\/1926-Chatillon-sur-Indre-Monument-aux-morts-Labsence-CP2_wp.jpg\"><img loading=\"lazy\" decoding=\"async\" aria-describedby=\"caption-attachment-7151\" class=\" wp-image-7151\" src=\"https:\/\/lesmarret.marret.co\/wp-content\/uploads\/2017\/06\/1926-Chatillon-sur-Indre-Monument-aux-morts-Labsence-CP2_wp.jpg\" alt=\"\" width=\"245\" height=\"164\" data-wp-pid=\"7151\" srcset=\"https:\/\/lesmarret.marret.co\/wp-content\/uploads\/2017\/06\/1926-Chatillon-sur-Indre-Monument-aux-morts-Labsence-CP2_wp.jpg 886w, https:\/\/lesmarret.marret.co\/wp-content\/uploads\/2017\/06\/1926-Chatillon-sur-Indre-Monument-aux-morts-Labsence-CP2_wp-300x200.jpg 300w, https:\/\/lesmarret.marret.co\/wp-content\/uploads\/2017\/06\/1926-Chatillon-sur-Indre-Monument-aux-morts-Labsence-CP2_wp-768x513.jpg 768w, https:\/\/lesmarret.marret.co\/wp-content\/uploads\/2017\/06\/1926-Chatillon-sur-Indre-Monument-aux-morts-Labsence-CP2_wp-800x535.jpg 800w, https:\/\/lesmarret.marret.co\/wp-content\/uploads\/2017\/06\/1926-Chatillon-sur-Indre-Monument-aux-morts-Labsence-CP2_wp-600x401.jpg 600w\" sizes=\"auto, (max-width: 245px) 100vw, 245px\" \/><\/a><p id=\"caption-attachment-7151\" class=\"wp-caption-text\">Chatillon-sur-Indre &#8211; L&rsquo;absence<\/p><\/div>\n<p>&nbsp;<\/p>\n<p>&nbsp;<\/p>\n<p>&nbsp;<\/p>\n<p>&nbsp;<\/p>\n<div id=\"attachment_7153\" style=\"width: 255px\" class=\"wp-caption alignleft\"><a href=\"https:\/\/lesmarret.marret.co\/wp-content\/uploads\/2017\/06\/1926-Chatillon-sur-Indre-Monument-aux-morts-Le-retour-CP1_wp.jpg\"><img loading=\"lazy\" decoding=\"async\" aria-describedby=\"caption-attachment-7153\" class=\" wp-image-7153\" src=\"https:\/\/lesmarret.marret.co\/wp-content\/uploads\/2017\/06\/1926-Chatillon-sur-Indre-Monument-aux-morts-Le-retour-CP1_wp.jpg\" alt=\"\" width=\"245\" height=\"157\" data-wp-pid=\"7153\" srcset=\"https:\/\/lesmarret.marret.co\/wp-content\/uploads\/2017\/06\/1926-Chatillon-sur-Indre-Monument-aux-morts-Le-retour-CP1_wp.jpg 886w, https:\/\/lesmarret.marret.co\/wp-content\/uploads\/2017\/06\/1926-Chatillon-sur-Indre-Monument-aux-morts-Le-retour-CP1_wp-300x193.jpg 300w, https:\/\/lesmarret.marret.co\/wp-content\/uploads\/2017\/06\/1926-Chatillon-sur-Indre-Monument-aux-morts-Le-retour-CP1_wp-768x493.jpg 768w, https:\/\/lesmarret.marret.co\/wp-content\/uploads\/2017\/06\/1926-Chatillon-sur-Indre-Monument-aux-morts-Le-retour-CP1_wp-800x514.jpg 800w, https:\/\/lesmarret.marret.co\/wp-content\/uploads\/2017\/06\/1926-Chatillon-sur-Indre-Monument-aux-morts-Le-retour-CP1_wp-600x385.jpg 600w\" sizes=\"auto, (max-width: 245px) 100vw, 245px\" \/><\/a><p id=\"caption-attachment-7153\" class=\"wp-caption-text\">Chatillon-sur-Indre &#8211; Le retour<\/p><\/div>\n<div id=\"attachment_7021\" style=\"width: 254px\" class=\"wp-caption alignright\"><a href=\"https:\/\/lesmarret.marret.co\/wp-content\/uploads\/2017\/06\/HM-Chatillon-sur-Indre-1926-Place-du-Monument-aux-morts_wp.jpg\"><img loading=\"lazy\" decoding=\"async\" aria-describedby=\"caption-attachment-7021\" class=\" wp-image-7021\" src=\"https:\/\/lesmarret.marret.co\/wp-content\/uploads\/2017\/06\/HM-Chatillon-sur-Indre-1926-Place-du-Monument-aux-morts_wp.jpg\" alt=\"\" width=\"244\" height=\"173\" data-wp-pid=\"7021\" srcset=\"https:\/\/lesmarret.marret.co\/wp-content\/uploads\/2017\/06\/HM-Chatillon-sur-Indre-1926-Place-du-Monument-aux-morts_wp.jpg 886w, https:\/\/lesmarret.marret.co\/wp-content\/uploads\/2017\/06\/HM-Chatillon-sur-Indre-1926-Place-du-Monument-aux-morts_wp-300x213.jpg 300w, https:\/\/lesmarret.marret.co\/wp-content\/uploads\/2017\/06\/HM-Chatillon-sur-Indre-1926-Place-du-Monument-aux-morts_wp-768x545.jpg 768w, https:\/\/lesmarret.marret.co\/wp-content\/uploads\/2017\/06\/HM-Chatillon-sur-Indre-1926-Place-du-Monument-aux-morts_wp-800x568.jpg 800w, https:\/\/lesmarret.marret.co\/wp-content\/uploads\/2017\/06\/HM-Chatillon-sur-Indre-1926-Place-du-Monument-aux-morts_wp-600x426.jpg 600w\" sizes=\"auto, (max-width: 244px) 100vw, 244px\" \/><\/a><p id=\"caption-attachment-7021\" class=\"wp-caption-text\">Chatillon-sur-Indre &#8211; Monument aux morts<\/p><\/div>\n<p>&nbsp;<\/p>\n<p>&nbsp;<\/p>\n<p>&nbsp;<\/p>\n<p>&nbsp;<\/p>\n<p>&nbsp;<\/p>\n<p>&nbsp;<\/p>\n<div id=\"attachment_7616\" style=\"width: 179px\" class=\"wp-caption alignleft\"><a href=\"https:\/\/lesmarret.marret.co\/wp-content\/uploads\/2018\/11\/HM-Epinay-sur-Seine-Saint-Pothin.jpg\"><img loading=\"lazy\" decoding=\"async\" aria-describedby=\"caption-attachment-7616\" class=\" wp-image-7616\" src=\"https:\/\/lesmarret.marret.co\/wp-content\/uploads\/2018\/11\/HM-Epinay-sur-Seine-Saint-Pothin-662x1024.jpg\" alt=\"\" width=\"169\" height=\"261\" data-wp-pid=\"7616\" srcset=\"https:\/\/lesmarret.marret.co\/wp-content\/uploads\/2018\/11\/HM-Epinay-sur-Seine-Saint-Pothin-662x1024.jpg 662w, https:\/\/lesmarret.marret.co\/wp-content\/uploads\/2018\/11\/HM-Epinay-sur-Seine-Saint-Pothin-194x300.jpg 194w, https:\/\/lesmarret.marret.co\/wp-content\/uploads\/2018\/11\/HM-Epinay-sur-Seine-Saint-Pothin.jpg 710w\" sizes=\"auto, (max-width: 169px) 100vw, 169px\" \/><\/a><p id=\"caption-attachment-7616\" class=\"wp-caption-text\">\u00c9pinay-sur-Seine &#8211; \u00c9glise, Fresque monumentale<\/p><\/div>\n<p>&nbsp;<\/p>\n<p>\u00c9difi\u00e9e en 1932, l\u2019\u00e9glise Notre-Dame des Missions d\u2019<u>\u00c9pinay-sur-Seine<\/u> (93) a \u00e9t\u00e9 d\u00e9cor\u00e9e par les artistes des <em>Ateliers d\u2019Art Sacr\u00e9<\/em>; ils illustrent douze \u00e9tapes du d\u00e9veloppement du christianisme \u00e0 travers les si\u00e8cles et son expansion dans divers pays. La fresque monumentale r\u00e9alis\u00e9e par Henri Marret en 1933 pr\u00e9sente l\u2019\u00e9vang\u00e9lisation de la Gaule au II<sup>e<\/sup> si\u00e8cle par Saint-Pothin.<\/p>\n<div id=\"attachment_5892\" style=\"width: 175px\" class=\"wp-caption alignright\"><a href=\"https:\/\/lesmarret.marret.co\/wp-content\/uploads\/2017\/05\/1922-Fourqueux-Int\u00e9rieur-de-l\u00c9glise_wp.jpg\"><img loading=\"lazy\" decoding=\"async\" aria-describedby=\"caption-attachment-5892\" class=\" wp-image-5892\" src=\"https:\/\/lesmarret.marret.co\/wp-content\/uploads\/2017\/05\/1922-Fourqueux-Int\u00e9rieur-de-l\u00c9glise_wp.jpg\" alt=\"\" width=\"165\" height=\"261\" data-wp-pid=\"5892\" srcset=\"https:\/\/lesmarret.marret.co\/wp-content\/uploads\/2017\/05\/1922-Fourqueux-Int\u00e9rieur-de-l\u00c9glise_wp.jpg 560w, https:\/\/lesmarret.marret.co\/wp-content\/uploads\/2017\/05\/1922-Fourqueux-Int\u00e9rieur-de-l\u00c9glise_wp-190x300.jpg 190w, https:\/\/lesmarret.marret.co\/wp-content\/uploads\/2017\/05\/1922-Fourqueux-Int\u00e9rieur-de-l\u00c9glise_wp-379x600.jpg 379w\" sizes=\"auto, (max-width: 165px) 100vw, 165px\" \/><\/a><p id=\"caption-attachment-5892\" class=\"wp-caption-text\">Fourqueux &#8211; \u00c9glise : Fresque du monument aux morts<\/p><\/div>\n<p>&nbsp;<\/p>\n<p>&nbsp;<\/p>\n<p><span style=\"font-size: 12pt;\"><span style=\"text-align: left; color: #444444; text-transform: none; line-height: 18px; text-indent: 0px; letter-spacing: normal; font-family: Georgia,'Bitstream Charter',serif; font-style: normal; font-variant: normal; font-weight: 400; text-decoration: none; word-spacing: 0px; display: inline !important; white-space: normal; cursor: text; orphans: 2; float: none; -webkit-text-stroke-width: 0px; background-color: transparent;\">Henri Marret peint plusieurs monuments aux morts apr\u00e8s la guerre de 1914-1918, dont celui de l\u2019\u00e9glise de <\/span><span style=\"text-decoration: underline;\">Fourqueux<\/span><span style=\"text-align: left; color: #444444; text-transform: none; line-height: 18px; text-indent: 0px; letter-spacing: normal; font-family: Georgia,'Bitstream Charter',serif; font-style: normal; font-variant: normal; font-weight: 400; text-decoration: none; word-spacing: 0px; display: inline !important; white-space: normal; cursor: text; orphans: 2; float: none; -webkit-text-stroke-width: 0px; background-color: transparent;\"> (78) en 1923. La toile sera ult\u00e9rieurement d\u00e9plac\u00e9e dans l\u2019ancien h\u00f4tel de ville puis, plus r\u00e9cemment, dans la nouvelle mairie.<\/span><\/span><\/p>\n<p>&nbsp;<\/p>\n<p>&nbsp;<\/p>\n<p><span style=\"font-size: 12pt;\"><span style=\"text-align: left; color: #444444; text-transform: none; line-height: 18px; text-indent: 0px; letter-spacing: normal; font-family: Georgia,'Bitstream Charter',serif; font-style: normal; font-variant: normal; font-weight: 400; text-decoration: none; word-spacing: 0px; display: inline !important; white-space: normal; cursor: text; orphans: 2; float: none; -webkit-text-stroke-width: 0px; background-color: transparent;\">Situ\u00e9e dans le 12<\/span><sup>e<\/sup><\/span><span style=\"display: inline !important; float: none; background-color: transparent; color: #444444; cursor: text; font-family: Georgia,'Bitstream Charter',serif; font-size: 12px; font-style: normal; font-variant: normal; font-weight: 400; letter-spacing: normal; line-height: 18px; orphans: 2; text-align: left; text-decoration: none; text-indent: 0px; text-transform: none; -webkit-text-stroke-width: 0px; white-space: normal; word-spacing: 0px;\"><span style=\"font-size: 12pt;\"> arrondissement de <span style=\"text-decoration: underline;\">Paris<\/span>, l\u2019\u00e9glise du Saint-Esprit est con\u00e7ue par l\u2019architecte Paul Tournon et construite entre 1928 et 1935.<\/span> <\/span><\/p>\n<div id=\"attachment_7023\" style=\"width: 175px\" class=\"wp-caption alignleft\"><a href=\"https:\/\/lesmarret.marret.co\/wp-content\/uploads\/2017\/06\/HM-Paris-\u00c9glise-Saint-Esprit-Gr\u00e9goire-VII_wp.jpg\"><img loading=\"lazy\" decoding=\"async\" aria-describedby=\"caption-attachment-7023\" class=\" wp-image-7023\" src=\"https:\/\/lesmarret.marret.co\/wp-content\/uploads\/2017\/06\/HM-Paris-\u00c9glise-Saint-Esprit-Gr\u00e9goire-VII_wp.jpg\" alt=\"\" width=\"165\" height=\"264\" data-wp-pid=\"7023\" srcset=\"https:\/\/lesmarret.marret.co\/wp-content\/uploads\/2017\/06\/HM-Paris-\u00c9glise-Saint-Esprit-Gr\u00e9goire-VII_wp.jpg 554w, https:\/\/lesmarret.marret.co\/wp-content\/uploads\/2017\/06\/HM-Paris-\u00c9glise-Saint-Esprit-Gr\u00e9goire-VII_wp-188x300.jpg 188w, https:\/\/lesmarret.marret.co\/wp-content\/uploads\/2017\/06\/HM-Paris-\u00c9glise-Saint-Esprit-Gr\u00e9goire-VII_wp-375x600.jpg 375w\" sizes=\"auto, (max-width: 165px) 100vw, 165px\" \/><\/a><p id=\"caption-attachment-7023\" class=\"wp-caption-text\">Paris &#8211; \u00c9glise Saint-Esprit : Gr\u00e9goire VII (1932)<\/p><\/div>\n<div id=\"attachment_7022\" style=\"width: 174px\" class=\"wp-caption alignright\"><a href=\"https:\/\/lesmarret.marret.co\/wp-content\/uploads\/2017\/06\/HM-Paris-\u00c9glise-Saint-Esprit-Charlemagne_wp.jpg\"><img loading=\"lazy\" decoding=\"async\" aria-describedby=\"caption-attachment-7022\" class=\" wp-image-7022\" src=\"https:\/\/lesmarret.marret.co\/wp-content\/uploads\/2017\/06\/HM-Paris-\u00c9glise-Saint-Esprit-Charlemagne_wp.jpg\" alt=\"\" width=\"164\" height=\"263\" data-wp-pid=\"7022\" srcset=\"https:\/\/lesmarret.marret.co\/wp-content\/uploads\/2017\/06\/HM-Paris-\u00c9glise-Saint-Esprit-Charlemagne_wp.jpg 554w, https:\/\/lesmarret.marret.co\/wp-content\/uploads\/2017\/06\/HM-Paris-\u00c9glise-Saint-Esprit-Charlemagne_wp-188x300.jpg 188w, https:\/\/lesmarret.marret.co\/wp-content\/uploads\/2017\/06\/HM-Paris-\u00c9glise-Saint-Esprit-Charlemagne_wp-375x600.jpg 375w\" sizes=\"auto, (max-width: 164px) 100vw, 164px\" \/><\/a><p id=\"caption-attachment-7022\" class=\"wp-caption-text\">Paris &#8211; \u00c9glise Saint-Esprit : Charlemagne (1932)<\/p><\/div>\n<p>&nbsp;<\/p>\n<p>&nbsp;<\/p>\n<p>&nbsp;<\/p>\n<p>&nbsp;<\/p>\n<p>&nbsp;<\/p>\n<p>&nbsp;<\/p>\n<p>&nbsp;<\/p>\n<p>&nbsp;<\/p>\n<p>Avec Maurice Denis et ses Ateliers d\u2019Art sacr\u00e9, Henri Marret contribue \u00e0 la d\u00e9coration de l\u2019\u00e9difice&nbsp;; il participe \u00e0 la r\u00e9alisation d\u2019une grande fresque, y peignant Gr\u00e9goire&nbsp;VII et Charlemagne.<\/p>\n<div id=\"attachment_7685\" style=\"width: 244px\" class=\"wp-caption alignright\"><a href=\"https:\/\/lesmarret.marret.co\/wp-content\/uploads\/2019\/02\/HM-Saint-Mand\u00e9-\u00c9glise-Saint-Louis-de-Vincennes-1_wp.jpg\"><img loading=\"lazy\" decoding=\"async\" aria-describedby=\"caption-attachment-7685\" class=\" wp-image-7685\" src=\"https:\/\/lesmarret.marret.co\/wp-content\/uploads\/2019\/02\/HM-Saint-Mand\u00e9-\u00c9glise-Saint-Louis-de-Vincennes-1_wp.jpg\" alt=\"\" width=\"234\" height=\"148\" data-wp-pid=\"7685\" srcset=\"https:\/\/lesmarret.marret.co\/wp-content\/uploads\/2019\/02\/HM-Saint-Mand\u00e9-\u00c9glise-Saint-Louis-de-Vincennes-1_wp.jpg 886w, https:\/\/lesmarret.marret.co\/wp-content\/uploads\/2019\/02\/HM-Saint-Mand\u00e9-\u00c9glise-Saint-Louis-de-Vincennes-1_wp-300x190.jpg 300w, https:\/\/lesmarret.marret.co\/wp-content\/uploads\/2019\/02\/HM-Saint-Mand\u00e9-\u00c9glise-Saint-Louis-de-Vincennes-1_wp-768x486.jpg 768w, https:\/\/lesmarret.marret.co\/wp-content\/uploads\/2019\/02\/HM-Saint-Mand\u00e9-\u00c9glise-Saint-Louis-de-Vincennes-1_wp-800x507.jpg 800w\" sizes=\"auto, (max-width: 234px) 100vw, 234px\" \/><\/a><p id=\"caption-attachment-7685\" class=\"wp-caption-text\">Saint-Louis de Vincennes &#8211; Porche d&rsquo;entr\u00e9e (1921-1924)<\/p><\/div>\n<p>Aux portes de Paris, l\u2019\u00e9glise de Saint-Louis-de-<u>Vincennes<\/u>&nbsp;(94) est construite par les architectes Jacques Droz et Joseph Marrast au d\u00e9but du XX<sup>e<\/sup>&nbsp;si\u00e8cle et inaugur\u00e9e en 1924. Les peintures sont l\u2019\u0153uvre de Maurice Denis et Henri Marret. Ce dernier r\u00e9alise, \u00e0 l\u2019ext\u00e9rieur, la d\u00e9coration du porche d\u2019entr\u00e9e et une fresque des grands Saints de France&nbsp;; \u00e0 l\u2019int\u00e9rieur, les \u00e9vang\u00e9listes et le Christ, dans le ch\u0153ur, ainsi que le Chemin de Croix.<\/p>\n<p><strong>Henri Marret, illustrateur<\/strong><\/p>\n<p><a href=\"https:\/\/lesmarret.marret.co\/wp-content\/uploads\/2017\/06\/Mareil-Marly-L\u00c9glise_wp.jpg\"><img loading=\"lazy\" decoding=\"async\" class=\"wp-image-7149 alignright\" src=\"https:\/\/lesmarret.marret.co\/wp-content\/uploads\/2017\/06\/Mareil-Marly-L\u00c9glise_wp.jpg\" alt=\"\" width=\"165\" height=\"275\" data-wp-pid=\"7149\" srcset=\"https:\/\/lesmarret.marret.co\/wp-content\/uploads\/2017\/06\/Mareil-Marly-L\u00c9glise_wp.jpg 531w, https:\/\/lesmarret.marret.co\/wp-content\/uploads\/2017\/06\/Mareil-Marly-L\u00c9glise_wp-180x300.jpg 180w, https:\/\/lesmarret.marret.co\/wp-content\/uploads\/2017\/06\/Mareil-Marly-L\u00c9glise_wp-360x600.jpg 360w\" sizes=\"auto, (max-width: 165px) 100vw, 165px\" \/><\/a><\/p>\n<p>Fervent croyant, Henri Marret r\u00e9alise aussi des dessins qui serviront \u00e0 illustrer des livres, des bulletins ou des feuillets paroissiaux. R\u00e9sidant \u00e0 Fourqueux (78), il n\u2019a pas \u00e0 aller loin pour prendre pour mod\u00e8le son \u00e9glise ou, quelques kilom\u00e8tres plus loin, celle de Mareil-Marly (78).<\/p>\n<p><a href=\"https:\/\/lesmarret.marret.co\/wp-content\/uploads\/2017\/05\/HM-Fourqueux-l\u00c9glise_wp.jpg\"><img loading=\"lazy\" decoding=\"async\" class=\" wp-image-5891\" src=\"https:\/\/lesmarret.marret.co\/wp-content\/uploads\/2017\/05\/HM-Fourqueux-l\u00c9glise_wp.jpg\" alt=\"\" width=\"257\" height=\"165\" data-wp-pid=\"5891\" srcset=\"https:\/\/lesmarret.marret.co\/wp-content\/uploads\/2017\/05\/HM-Fourqueux-l\u00c9glise_wp.jpg 886w, https:\/\/lesmarret.marret.co\/wp-content\/uploads\/2017\/05\/HM-Fourqueux-l\u00c9glise_wp-300x193.jpg 300w, https:\/\/lesmarret.marret.co\/wp-content\/uploads\/2017\/05\/HM-Fourqueux-l\u00c9glise_wp-768x493.jpg 768w, https:\/\/lesmarret.marret.co\/wp-content\/uploads\/2017\/05\/HM-Fourqueux-l\u00c9glise_wp-800x514.jpg 800w, https:\/\/lesmarret.marret.co\/wp-content\/uploads\/2017\/05\/HM-Fourqueux-l\u00c9glise_wp-600x385.jpg 600w\" sizes=\"auto, (max-width: 257px) 100vw, 257px\" \/><\/a><\/p>\n","protected":false},"excerpt":{"rendered":"<p>D\u00e9couvrir l\u2019\u0153uvre d\u2019Henri Marret n\u2019est pas toujours facile\u2026 Peu de ses tableaux se trouvent dans les mus\u00e9es et certains des \u00e9difices qu\u2019il a d\u00e9cor\u00e9s ont disparu. Heureusement, quelques-uns de ses descendants contribuent r\u00e9guli\u00e8rement \u00e0 l\u2019organisation d\u2019expositions qui lui sont d\u00e9di\u00e9es &hellip; <a href=\"https:\/\/lesmarret.marret.co\/index.php\/2017\/06\/21\/decouvrir-henri-marret-par-les-cartes-postales\/\">Continuer la lecture <span class=\"meta-nav\">&rarr;<\/span><\/a><\/p>\n","protected":false},"author":1,"featured_media":0,"comment_status":"open","ping_status":"open","sticky":false,"template":"","format":"standard","meta":{"_monsterinsights_skip_tracking":false,"_monsterinsights_sitenote_active":false,"_monsterinsights_sitenote_note":"","_monsterinsights_sitenote_category":0,"ngg_post_thumbnail":0,"footnotes":""},"categories":[414],"tags":[],"class_list":["post-7155","post","type-post","status-publish","format-standard","hentry","category-henri-marret"],"aioseo_notices":[],"_links":{"self":[{"href":"https:\/\/lesmarret.marret.co\/index.php\/wp-json\/wp\/v2\/posts\/7155","targetHints":{"allow":["GET"]}}],"collection":[{"href":"https:\/\/lesmarret.marret.co\/index.php\/wp-json\/wp\/v2\/posts"}],"about":[{"href":"https:\/\/lesmarret.marret.co\/index.php\/wp-json\/wp\/v2\/types\/post"}],"author":[{"embeddable":true,"href":"https:\/\/lesmarret.marret.co\/index.php\/wp-json\/wp\/v2\/users\/1"}],"replies":[{"embeddable":true,"href":"https:\/\/lesmarret.marret.co\/index.php\/wp-json\/wp\/v2\/comments?post=7155"}],"version-history":[{"count":16,"href":"https:\/\/lesmarret.marret.co\/index.php\/wp-json\/wp\/v2\/posts\/7155\/revisions"}],"predecessor-version":[{"id":7689,"href":"https:\/\/lesmarret.marret.co\/index.php\/wp-json\/wp\/v2\/posts\/7155\/revisions\/7689"}],"wp:attachment":[{"href":"https:\/\/lesmarret.marret.co\/index.php\/wp-json\/wp\/v2\/media?parent=7155"}],"wp:term":[{"taxonomy":"category","embeddable":true,"href":"https:\/\/lesmarret.marret.co\/index.php\/wp-json\/wp\/v2\/categories?post=7155"},{"taxonomy":"post_tag","embeddable":true,"href":"https:\/\/lesmarret.marret.co\/index.php\/wp-json\/wp\/v2\/tags?post=7155"}],"curies":[{"name":"wp","href":"https:\/\/api.w.org\/{rel}","templated":true}]}}